{"id":588,"date":"2023-07-29T18:23:22","date_gmt":"2023-07-29T16:23:22","guid":{"rendered":"http:\/\/jobdelocronan.com\/?p=588"},"modified":"2023-07-29T18:25:33","modified_gmt":"2023-07-29T16:25:33","slug":"job-et-la-faiencerie-henriot-quimper","status":"publish","type":"post","link":"https:\/\/jobdelocronan.com\/index.php\/2023\/07\/29\/job-et-la-faiencerie-henriot-quimper\/","title":{"rendered":"JOB et la fa\u00efencerie Henriot Quimper"},"content":{"rendered":"\n<p>Entre les ann\u00e9es 1930 et 1950, des mod\u00e8les de JOB ont \u00e9t\u00e9 utilis\u00e9s par la fa\u00efencerie Henriot Quimper pour des s\u00e9ries de Saints Bretons. L&rsquo;ampleur de sa collaboration est difficilement quantifiable du fait qu&rsquo;il n&rsquo;existe pas \u00e0 notre connaissance des registres d&rsquo;\u00e9poque identifiant les mod\u00e8les utilis\u00e9s pour la fabrication des fa\u00efences.<\/p>\n\n\n\n<div class=\"wp-block-image\"><figure class=\"aligncenter size-large is-resized\"><img loading=\"lazy\" src=\"http:\/\/jobdelocronan.com\/wp-content\/uploads\/2023\/07\/PXL_20230713_212707297-1024x769.jpg\" alt=\"\" class=\"wp-image-590\" width=\"512\" height=\"385\" srcset=\"https:\/\/jobdelocronan.com\/wp-content\/uploads\/2023\/07\/PXL_20230713_212707297-1024x769.jpg 1024w, https:\/\/jobdelocronan.com\/wp-content\/uploads\/2023\/07\/PXL_20230713_212707297-300x225.jpg 300w, https:\/\/jobdelocronan.com\/wp-content\/uploads\/2023\/07\/PXL_20230713_212707297-768x577.jpg 768w, https:\/\/jobdelocronan.com\/wp-content\/uploads\/2023\/07\/PXL_20230713_212707297-1536x1153.jpg 1536w, https:\/\/jobdelocronan.com\/wp-content\/uploads\/2023\/07\/PXL_20230713_212707297-2048x1538.jpg 2048w, https:\/\/jobdelocronan.com\/wp-content\/uploads\/2023\/07\/PXL_20230713_212707297-770x578.jpg 770w, https:\/\/jobdelocronan.com\/wp-content\/uploads\/2023\/07\/PXL_20230713_212707297-2000x1502.jpg 2000w, https:\/\/jobdelocronan.com\/wp-content\/uploads\/2023\/07\/PXL_20230713_212707297-1170x879.jpg 1170w\" sizes=\"(max-width: 512px) 100vw, 512px\" \/><figcaption><em>Fa\u00efences de la collection Maison-mus\u00e9e JOB de Locronan<\/em>, exposition 2023, <em>cr\u00e9dit photo: Damien Ly-sunnaram<\/em><\/figcaption><\/figure><\/div>\n\n\n\n<figure class=\"wp-block-gallery has-nested-images columns-default is-cropped\">\n<figure class=\"wp-block-image size-large\"><img loading=\"lazy\" width=\"768\" height=\"1024\" data-id=\"591\"  src=\"http:\/\/jobdelocronan.com\/wp-content\/uploads\/2023\/07\/IMG_20210710_165926-768x1024.jpg\" alt=\"\" class=\"wp-image-591\" srcset=\"https:\/\/jobdelocronan.com\/wp-content\/uploads\/2023\/07\/IMG_20210710_165926-768x1024.jpg 768w, https:\/\/jobdelocronan.com\/wp-content\/uploads\/2023\/07\/IMG_20210710_165926-225x300.jpg 225w, https:\/\/jobdelocronan.com\/wp-content\/uploads\/2023\/07\/IMG_20210710_165926-1152x1536.jpg 1152w, https:\/\/jobdelocronan.com\/wp-content\/uploads\/2023\/07\/IMG_20210710_165926-1536x2048.jpg 1536w, https:\/\/jobdelocronan.com\/wp-content\/uploads\/2023\/07\/IMG_20210710_165926-2000x2667.jpg 2000w, https:\/\/jobdelocronan.com\/wp-content\/uploads\/2023\/07\/IMG_20210710_165926-1170x1560.jpg 1170w, https:\/\/jobdelocronan.com\/wp-content\/uploads\/2023\/07\/IMG_20210710_165926-scaled.jpg 1920w\" sizes=\"(max-width: 768px) 100vw, 768px\" \/><\/figure>\n\n\n\n<figure class=\"wp-block-image size-large\"><img loading=\"lazy\" width=\"683\" height=\"1024\" data-id=\"592\"  src=\"http:\/\/jobdelocronan.com\/wp-content\/uploads\/2023\/07\/IMG_1116-683x1024.jpg\" alt=\"\" class=\"wp-image-592\" srcset=\"https:\/\/jobdelocronan.com\/wp-content\/uploads\/2023\/07\/IMG_1116-683x1024.jpg 683w, https:\/\/jobdelocronan.com\/wp-content\/uploads\/2023\/07\/IMG_1116-200x300.jpg 200w, https:\/\/jobdelocronan.com\/wp-content\/uploads\/2023\/07\/IMG_1116-768x1152.jpg 768w, https:\/\/jobdelocronan.com\/wp-content\/uploads\/2023\/07\/IMG_1116-1024x1536.jpg 1024w, https:\/\/jobdelocronan.com\/wp-content\/uploads\/2023\/07\/IMG_1116-1365x2048.jpg 1365w, https:\/\/jobdelocronan.com\/wp-content\/uploads\/2023\/07\/IMG_1116-2000x3000.jpg 2000w, https:\/\/jobdelocronan.com\/wp-content\/uploads\/2023\/07\/IMG_1116-1170x1755.jpg 1170w, https:\/\/jobdelocronan.com\/wp-content\/uploads\/2023\/07\/IMG_1116-scaled.jpg 1707w\" sizes=\"(max-width: 683px) 100vw, 683px\" \/><\/figure>\n\n\n\n<figure class=\"wp-block-image size-large\"><img loading=\"lazy\" width=\"768\" height=\"1024\" data-id=\"593\"  src=\"http:\/\/jobdelocronan.com\/wp-content\/uploads\/2023\/07\/IMG_20210710_162740-768x1024.jpg\" alt=\"\" class=\"wp-image-593\" srcset=\"https:\/\/jobdelocronan.com\/wp-content\/uploads\/2023\/07\/IMG_20210710_162740-768x1024.jpg 768w, https:\/\/jobdelocronan.com\/wp-content\/uploads\/2023\/07\/IMG_20210710_162740-225x300.jpg 225w, https:\/\/jobdelocronan.com\/wp-content\/uploads\/2023\/07\/IMG_20210710_162740-1152x1536.jpg 1152w, https:\/\/jobdelocronan.com\/wp-content\/uploads\/2023\/07\/IMG_20210710_162740-1536x2048.jpg 1536w, https:\/\/jobdelocronan.com\/wp-content\/uploads\/2023\/07\/IMG_20210710_162740-2000x2667.jpg 2000w, https:\/\/jobdelocronan.com\/wp-content\/uploads\/2023\/07\/IMG_20210710_162740-1170x1560.jpg 1170w, https:\/\/jobdelocronan.com\/wp-content\/uploads\/2023\/07\/IMG_20210710_162740-scaled.jpg 1920w\" sizes=\"(max-width: 768px) 100vw, 768px\" \/><\/figure>\n<figcaption class=\"blocks-gallery-caption\"><em>Pi\u00e8ces du mus\u00e9e de la fa\u00efence de Quimper, cr\u00e9dit photo: B\u00e9atrice Ly-sunnaram, 2021<\/em><\/figcaption><\/figure>\n\n\n\n<figure class=\"wp-block-gallery has-nested-images columns-default is-cropped\">\n<figure class=\"wp-block-image size-large\"><img loading=\"lazy\" width=\"1024\" height=\"651\" data-id=\"594\"  src=\"http:\/\/jobdelocronan.com\/wp-content\/uploads\/2023\/07\/4-1024x651.jpg\" alt=\"\" class=\"wp-image-594\" srcset=\"https:\/\/jobdelocronan.com\/wp-content\/uploads\/2023\/07\/4-1024x651.jpg 1024w, https:\/\/jobdelocronan.com\/wp-content\/uploads\/2023\/07\/4-300x191.jpg 300w, https:\/\/jobdelocronan.com\/wp-content\/uploads\/2023\/07\/4-768x488.jpg 768w, https:\/\/jobdelocronan.com\/wp-content\/uploads\/2023\/07\/4.jpg 1082w\" sizes=\"(max-width: 1024px) 100vw, 1024px\" \/><\/figure>\n\n\n\n<figure class=\"wp-block-image size-large\"><img loading=\"lazy\" width=\"1024\" height=\"645\" data-id=\"595\"  src=\"http:\/\/jobdelocronan.com\/wp-content\/uploads\/2023\/07\/3-1024x645.jpg\" alt=\"\" class=\"wp-image-595\" srcset=\"https:\/\/jobdelocronan.com\/wp-content\/uploads\/2023\/07\/3-1024x645.jpg 1024w, https:\/\/jobdelocronan.com\/wp-content\/uploads\/2023\/07\/3-300x189.jpg 300w, https:\/\/jobdelocronan.com\/wp-content\/uploads\/2023\/07\/3-768x484.jpg 768w, https:\/\/jobdelocronan.com\/wp-content\/uploads\/2023\/07\/3.jpg 1064w\" sizes=\"(max-width: 1024px) 100vw, 1024px\" \/><\/figure>\n<figcaption class=\"blocks-gallery-caption\"><em>Photographies Jos Le Doar\u00e9 montrant les mod\u00e8les de JOB au d\u00e9but des ann\u00e9es 1930 utilis\u00e9s pour la cr\u00e9ation des fa\u00efences<\/em><\/figcaption><\/figure>\n\n\n\n<p><br>A ce jour, une quinzaine de mod\u00e8les sont r\u00e9pertori\u00e9s dans la base de donn\u00e9es du @museefaiencequimper, r\u00e9f\u00e9renc\u00e9s au nom de JOB Le Gall, ainsi que par Antoine Maign\u00e9, r\u00e9f\u00e9rent dans le domaine, dans ses deux ouvrages, Terres sacr\u00e9es, Vierges et Saints en Fa\u00efence de Quimper, \u00e9dition 2009 et 2019.<\/p>\n\n\n\n<figure class=\"wp-block-gallery has-nested-images columns-default is-cropped\">\n<figure class=\"wp-block-image size-large\"><img loading=\"lazy\" width=\"1024\" height=\"510\" data-id=\"596\"  src=\"http:\/\/jobdelocronan.com\/wp-content\/uploads\/2023\/07\/WhatsApp-Image-2021-07-02-at-17.22.37-1024x510.jpeg\" alt=\"\" class=\"wp-image-596\" srcset=\"https:\/\/jobdelocronan.com\/wp-content\/uploads\/2023\/07\/WhatsApp-Image-2021-07-02-at-17.22.37-1024x510.jpeg 1024w, https:\/\/jobdelocronan.com\/wp-content\/uploads\/2023\/07\/WhatsApp-Image-2021-07-02-at-17.22.37-300x150.jpeg 300w, https:\/\/jobdelocronan.com\/wp-content\/uploads\/2023\/07\/WhatsApp-Image-2021-07-02-at-17.22.37-768x383.jpeg 768w, https:\/\/jobdelocronan.com\/wp-content\/uploads\/2023\/07\/WhatsApp-Image-2021-07-02-at-17.22.37-1536x766.jpeg 1536w, https:\/\/jobdelocronan.com\/wp-content\/uploads\/2023\/07\/WhatsApp-Image-2021-07-02-at-17.22.37-1170x583.jpeg 1170w, https:\/\/jobdelocronan.com\/wp-content\/uploads\/2023\/07\/WhatsApp-Image-2021-07-02-at-17.22.37.jpeg 1599w\" sizes=\"(max-width: 1024px) 100vw, 1024px\" \/><figcaption><em>Terres Sacr\u00e9es, Vierges et Saints en Fa\u00efence de Quimper, 2009, Antoine Maign\u00e9<\/em><\/figcaption><\/figure>\n<\/figure>\n\n\n\n<p>Le travail de recherche se base principalement sur les archives photographiques d&rsquo;\u00e9poque, issus des cartes postales de JOS Le Doar\u00e9. En outre, certaines Fa\u00efences montrent les marques de gouges, indices d&rsquo;une taille en bois.<\/p>\n\n\n\n<p><br>En 2021, B\u00e9atrice a eu acc\u00e8s aux pi\u00e8ces du mus\u00e9e de la fa\u00efence pour une session de num\u00e9risation 3D. Ces mod\u00e8les sont visibles sur notre galerie virtuelle.<\/p>\n\n\n\n<p><a href=\"https:\/\/skfb.ly\/oAHVt\">https:\/\/skfb.ly\/oAHVt<\/a><\/p>\n\n\n\n<p><\/p>\n","protected":false},"excerpt":{"rendered":"<p>Entre les ann\u00e9es 1930 et 1950, des mod\u00e8les de JOB ont \u00e9t\u00e9 utilis\u00e9s par la fa\u00efencerie Henriot Quimper pour des s\u00e9ries de Saints Bretons. L&rsquo;ampleur de sa collaboration est difficilement quantifiable du fait qu&rsquo;il n&rsquo;existe pas \u00e0 notre connaissance des registres d&rsquo;\u00e9poque identifiant les mod\u00e8les utilis\u00e9s pour la fabrication des fa\u00efences. A ce jour, une [&hellip;]<\/p>\n","protected":false},"author":1,"featured_media":599,"comment_status":"closed","ping_status":"closed","sticky":false,"template":"","format":"standard","meta":[],"categories":[32],"tags":[37,38,11,39,6],"_links":{"self":[{"href":"https:\/\/jobdelocronan.com\/index.php\/wp-json\/wp\/v2\/posts\/588"}],"collection":[{"href":"https:\/\/jobdelocronan.com\/index.php\/wp-json\/wp\/v2\/posts"}],"about":[{"href":"https:\/\/jobdelocronan.com\/index.php\/wp-json\/wp\/v2\/types\/post"}],"author":[{"embeddable":true,"href":"https:\/\/jobdelocronan.com\/index.php\/wp-json\/wp\/v2\/users\/1"}],"replies":[{"embeddable":true,"href":"https:\/\/jobdelocronan.com\/index.php\/wp-json\/wp\/v2\/comments?post=588"}],"version-history":[{"count":4,"href":"https:\/\/jobdelocronan.com\/index.php\/wp-json\/wp\/v2\/posts\/588\/revisions"}],"predecessor-version":[{"id":601,"href":"https:\/\/jobdelocronan.com\/index.php\/wp-json\/wp\/v2\/posts\/588\/revisions\/601"}],"wp:featuredmedia":[{"embeddable":true,"href":"https:\/\/jobdelocronan.com\/index.php\/wp-json\/wp\/v2\/media\/599"}],"wp:attachment":[{"href":"https:\/\/jobdelocronan.com\/index.php\/wp-json\/wp\/v2\/media?parent=588"}],"wp:term":[{"taxonomy":"category","embeddable":true,"href":"https:\/\/jobdelocronan.com\/index.php\/wp-json\/wp\/v2\/categories?post=588"},{"taxonomy":"post_tag","embeddable":true,"href":"https:\/\/jobdelocronan.com\/index.php\/wp-json\/wp\/v2\/tags?post=588"}],"curies":[{"name":"wp","href":"https:\/\/api.w.org\/{rel}","templated":true}]}}